{"id":359,"date":"2012-02-02T07:16:25","date_gmt":"2012-02-02T07:16:25","guid":{"rendered":"http:\/\/seancrowe.ie\/home\/ending-of-modern-languages-initiative-a-serious-blow-deputy-sean-crowe\/"},"modified":"2012-02-02T07:16:25","modified_gmt":"2012-02-02T07:16:25","slug":"ending-of-modern-languages-initiative-a-serious-blow-deputy-sean-crowe","status":"publish","type":"post","link":"http:\/\/seancrowe.ie\/home\/ending-of-modern-languages-initiative-a-serious-blow-deputy-sean-crowe\/","title":{"rendered":"Ending of Modern Languages Initiative a serious blow \u2013 Deputy Se\u00e1n Crowe"},"content":{"rendered":"<p class=\"MsoNormal\" style=\"line-height: normal; margin: 0cm 0cm 0pt;\"><strong><span style=\"font-family: 'Arial','sans-serif';\"><span style=\"font-size: small;\">Ending of Modern Languages Initiative a serious blow \u2013 Deputy Se\u00e1n <span class=\"il\">Crowe<\/span><\/span><\/span><\/strong><\/p>\n<p class=\"MsoNormal\" style=\"line-height: normal; margin: 0cm 0cm 0pt;\"><span style=\"font-size: small;\"><strong><span style=\"font-family: 'Arial','sans-serif';\">_____________________________________________________________________<\/p>\n<p><\/span><\/strong><\/span><\/p>\n<p class=\"MsoNormal\" style=\"line-height: normal; margin: 0cm 0cm 0pt;\"><strong><span style=\"font-family: 'Times New Roman','serif';\"><span style=\"font-size: small;\">Sinn F\u00e9in Education Spokesperson Se\u00e1n <span class=\"il\">Crowe<\/span> has described as a \u2018serious blow\u2019 the decision to end The Modern  Languages in Primary Schools Initiative (MLPSI). The Dublin South West  TD was speaking after educationalists involved in the initiative made a  presentation to the D\u00e1il\u2019s Education Committee.<span> <\/span><\/span><\/span><\/strong><\/p>\n<p class=\"MsoNormal\" style=\"line-height: normal; margin: 0cm 0cm 0pt;\"><span style=\"font-family: 'Times New Roman','serif';\"><span style=\"font-size: small;\"> <\/span><\/span><\/p>\n<p class=\"MsoNormal\" style=\"line-height: normal; margin: 0cm 0cm 0pt;\"><span style=\"font-family: 'Times New Roman','serif';\"><span style=\"font-size: small;\">Deputy <span class=\"il\">Crowe<\/span> said:<\/span><\/span><\/p>\n<p class=\"MsoNormal\" style=\"line-height: normal; margin: 0cm 0cm 0pt;\"><span style=\"font-family: 'Times New Roman','serif';\"><span style=\"font-size: small;\"> <\/span><\/span><\/p>\n<p class=\"MsoNormal\" style=\"line-height: normal; margin: 0cm 0cm 0pt;\"><span style=\"font-family: 'Times New Roman','serif';\"><span style=\"font-size: small;\"><span> <\/span>\u201c545  schools participate in the Modern Languages in Primary Schools  Initiative which aims to create a positive attitude towards language  learning, creating links between primary and post-primary schools and  facilitating and supporting diversification in the curriculum.<\/span><\/span><\/p>\n<p class=\"MsoNormal\" style=\"line-height: normal; margin: 0cm 0cm 0pt;\"><span style=\"font-family: 'Times New Roman','serif';\"><span style=\"font-size: small;\"> <\/span><\/span><\/p>\n<p class=\"MsoNormal\" style=\"line-height: normal; margin: 0cm 0cm 0pt;\"><span style=\"font-family: 'Times New Roman','serif';\"><span style=\"font-size: small;\">\u201cThe initiative is now in its thirteenth year and Minister Quinn\u2019s budget proposals will bring to an abrupt end.<\/span><\/span><\/p>\n<p class=\"MsoNormal\" style=\"line-height: normal; margin: 0cm 0cm 0pt;\"><span style=\"font-family: 'Times New Roman','serif';\"><span style=\"font-size: small;\"> <\/span><\/span><\/p>\n<p class=\"MsoNormal\" style=\"line-height: normal; margin: 0cm 0cm 0pt;\"><span style=\"font-family: 'Times New Roman','serif';\"><span style=\"font-size: small;\"> <\/span><\/span><\/p>\n<p class=\"MsoNormal\" style=\"line-height: normal; margin: 0cm 0cm 0pt;\"><span style=\"font-family: 'Times New Roman','serif';\"><span style=\"font-size: small;\">\u201cThe  majority of modern-language teachers have said to me that, were it not  for the Project, few if any of their pupils would have studied the  language at primary level. It has made a huge difference to rural  schools and have given children from disadvantaged schools an  opportunity to compete with wealthier children whose parents can afford  private tuition.<\/span><\/span><\/p>\n<p class=\"MsoNormal\" style=\"line-height: normal; margin: 0cm 0cm 0pt;\"><span style=\"font-family: 'Times New Roman','serif';\"><span style=\"font-size: small;\"> <\/span><\/span><\/p>\n<p class=\"MsoNormal\" style=\"line-height: normal; margin: 0cm 0cm 0pt;\"><span style=\"font-family: 'Times New Roman','serif';\"><span style=\"font-size: small;\">This decision will also result impact negatively on the job prospects of Irish students.<\/span><\/span><\/p>\n<p class=\"MsoNormal\" style=\"line-height: normal; margin: 0cm 0cm 0pt;\"><span style=\"font-family: 'Times New Roman','serif';\"><span style=\"font-size: small;\"> <\/span><\/span><\/p>\n<p class=\"MsoNormal\" style=\"line-height: normal; margin: 0cm 0cm 0pt;\"><span style=\"font-family: 'Times New Roman','serif';\"><span style=\"font-size: small;\">\u201cThe  loss of the Modern Languages in Primary Schools Initiative comes at a  time when many employers have signalled the importance of developing  expertise in foreign languages as a means of helping the country out of  its current difficulties. Surely any fool could see it is  counterproductive to remove an essential scheme that has been  instrumental in extending the learning of a new <span> <\/span>language to Primary level children.<\/span><\/span><\/p>\n<p class=\"MsoNormal\" style=\"line-height: normal; margin: 0cm 0cm 0pt;\"><span style=\"font-family: 'Times New Roman','serif';\"><span style=\"font-size: small;\"> <\/span><\/span><\/p>\n<p class=\"MsoNormal\" style=\"line-height: normal; margin: 0cm 0cm 0pt;\"><span style=\"font-family: 'Times New Roman','serif';\"><span style=\"font-size: small;\">\u201cThe  move is all the more surprising as it comes at a time when much of the  hope for our economic recovery is reliant on exports. France, for  example, is Ireland\u2019s fifth largest trading partner, but we are closing  off the possibility of pupils having the opportunity to learn its  language. The same can apply to languages such as German, Spanish,  Italian and Mandarin.<\/span><\/span><\/p>\n<p class=\"MsoNormal\" style=\"line-height: normal; margin: 0cm 0cm 0pt;\"><span style=\"font-family: 'Times New Roman','serif';\"><span style=\"font-size: small;\"> <\/span><\/span><\/p>\n<p class=\"MsoNormal\" style=\"line-height: normal; margin: 0cm 0cm 0pt;\"><span style=\"font-family: 'Times New Roman','serif';\"><span style=\"font-size: small;\">\u201cWhen  we look at other European countries, even those that are currently  experiencing economic difficulties, they continue to prioritise the  learning of a second and third language. Learning languages is an  essential skill that is needed for young people to be able to compete in  an increasingly global marketplace. <\/span><\/span><\/p>\n<p class=\"MsoNormal\" style=\"line-height: normal; margin: 0cm 0cm 0pt;\"><span style=\"font-family: 'Times New Roman','serif';\"><span style=\"font-size: small;\"><span> <\/span><span> <\/span><\/span><\/span><\/p>\n<p class=\"MsoNormal\" style=\"line-height: normal; margin: 0cm 0cm 0pt;\"><span style=\"font-family: 'Times New Roman','serif';\"><span style=\"font-size: small;\">\u201cIt  is essential that a review of the modern language provision be  undertaken which would accurately inform the Minister for Education and  Skills as to the benefits of early modern language learning to students  and as well projected industry needs and help inform future curriculum  reform. <\/span><\/span><\/p>\n<p class=\"MsoNormal\" style=\"line-height: normal; margin: 0cm 0cm 0pt;\"><span style=\"font-family: 'Times New Roman','serif';\"><span style=\"font-size: small;\"> <\/span><\/span><\/p>\n<p class=\"MsoNormal\" style=\"line-height: normal; margin: 0cm 0cm 0pt;\"><span style=\"font-family: 'Times New Roman','serif';\"><span style=\"font-size: small;\">\u201cA <span>National Strategy for Primary Modern Languages <\/span>needs  to be developed which would foresee the opportunity to learn a modern  language being extended to all children by 2020. In the interim, the  MLSPI o should be allowed continue to support teachers and schools who  wish to offer this learning opportunity to their pupils.\u201d<\/span><\/span><\/p>\n<p class=\"MsoNormal\" style=\"line-height: normal; margin: 0cm 0cm 0pt;\"><span style=\"font-family: 'Times New Roman','serif';\"><span style=\"font-size: small;\"> <\/span><\/span><\/p>\n","protected":false},"excerpt":{"rendered":"<p>Ending of Modern Languages Initiative a serious blow \u2013 Deputy Se\u00e1n Crowe _____________________________________________________________________ Sinn F\u00e9in Education Spokesperson Se\u00e1n Crowe has described as a \u2018serious blow\u2019 the decision to end The Modern Languages in Primary Schools Initiative (MLPSI). The Dublin South West TD was speaking after educationalists involved in the initiative made a presentation to the [&hellip;]<\/p>\n","protected":false},"author":1,"featured_media":0,"comment_status":"closed","ping_status":"open","sticky":false,"template":"","format":"standard","meta":{"footnotes":""},"categories":[1],"tags":[],"class_list":["post-359","post","type-post","status-publish","format-standard","hentry","category-uncategorized"],"_links":{"self":[{"href":"http:\/\/seancrowe.ie\/home\/wp-json\/wp\/v2\/posts\/359","targetHints":{"allow":["GET"]}}],"collection":[{"href":"http:\/\/seancrowe.ie\/home\/wp-json\/wp\/v2\/posts"}],"about":[{"href":"http:\/\/seancrowe.ie\/home\/wp-json\/wp\/v2\/types\/post"}],"author":[{"embeddable":true,"href":"http:\/\/seancrowe.ie\/home\/wp-json\/wp\/v2\/users\/1"}],"replies":[{"embeddable":true,"href":"http:\/\/seancrowe.ie\/home\/wp-json\/wp\/v2\/comments?post=359"}],"version-history":[{"count":0,"href":"http:\/\/seancrowe.ie\/home\/wp-json\/wp\/v2\/posts\/359\/revisions"}],"wp:attachment":[{"href":"http:\/\/seancrowe.ie\/home\/wp-json\/wp\/v2\/media?parent=359"}],"wp:term":[{"taxonomy":"category","embeddable":true,"href":"http:\/\/seancrowe.ie\/home\/wp-json\/wp\/v2\/categories?post=359"},{"taxonomy":"post_tag","embeddable":true,"href":"http:\/\/seancrowe.ie\/home\/wp-json\/wp\/v2\/tags?post=359"}],"curies":[{"name":"wp","href":"https:\/\/api.w.org\/{rel}","templated":true}]}}