{"id":368,"date":"2012-02-15T10:09:48","date_gmt":"2012-02-15T10:09:48","guid":{"rendered":"http:\/\/seancrowe.ie\/home\/government-lacks-vision-to-create-employment-for-young-people-deputy-sean-crowe\/"},"modified":"2012-02-15T10:09:48","modified_gmt":"2012-02-15T10:09:48","slug":"government-lacks-vision-to-create-employment-for-young-people-deputy-sean-crowe","status":"publish","type":"post","link":"http:\/\/seancrowe.ie\/home\/government-lacks-vision-to-create-employment-for-young-people-deputy-sean-crowe\/","title":{"rendered":"Government lacks vision to create employment for young people \u2013 Deputy Se\u00e1n Crowe"},"content":{"rendered":"<p><span style=\"font-family: Arial; font-size: medium;\"><strong>Government lacks vision to create employment for young people \u2013 Deputy Se\u00e1n Crowe<br \/><\/strong><\/span><span style=\"font-family: Arial; font-size: medium;\"><strong> _________________________________________________________________________________<\/strong><\/span><\/p>\n<div class=\"im\"><span style=\"font-family: Arial; font-size: small;\">Dublin South West Sinn F\u00e9in TD Se\u00e1n Crowe has challenged the government to make clear its intentions after the EU announced that a youth jobs initiative would go hand-in-hand with the fiscal compact.<\/span><\/div>\n<div class=\"im\"><span style=\"font-family: Arial; font-size: small;\"><br \/><\/span><\/div>\n<div class=\"im\"><span style=\"font-family: Arial; font-size: small;\">Deputy Se\u00e1n Crowe said: \u201cThe announcement of this so-called initiative, as 25 member states signed-off on an austerity treaty, is an attempt to deflect attention from the fiscal compact which will prevent any serious job stimulation for a generation. <\/p>\n<p> \u201cSinn F\u00e9in has rightly challenged the Government over its failure to us unspent structural funds to stimulate our economy. Their usual reply is that Ireland is no longer in receipt of large structural payments yet they are telling us that this is a core part of the so-called jobs initiative.<\/span><\/div>\n<div class=\"im\"><span style=\"font-family: Arial; font-size: small;\"><br \/><\/span><\/div>\n<div class=\"im\"><span style=\"font-family: Arial; font-size: small;\">\u201cThis initiative has been dismissed as a political stunt while austerity is being imposed and an attempt is underway to enshrine austerity into law.\u201d<\/p>\n<p><\/span><\/div>\n<p><span style=\"font-family: Arial; font-size: small;\"> \u201cMy Dublin South West Constituency has one of the highest rates of young unemployed people in the State. What is needed to tackle this issue is a genuinely funded stimulus, not stunts and definitely not an austerity treaty. <\/span><\/p>\n","protected":false},"excerpt":{"rendered":"<p>Government lacks vision to create employment for young people \u2013 Deputy Se\u00e1n Crowe _________________________________________________________________________________ Dublin South West Sinn F\u00e9in TD Se\u00e1n Crowe has challenged the government to make clear its intentions after the EU announced that a youth jobs initiative would go hand-in-hand with the fiscal compact. Deputy Se\u00e1n Crowe said: \u201cThe announcement of this [&hellip;]<\/p>\n","protected":false},"author":1,"featured_media":0,"comment_status":"closed","ping_status":"open","sticky":false,"template":"","format":"standard","meta":{"footnotes":""},"categories":[1],"tags":[],"class_list":["post-368","post","type-post","status-publish","format-standard","hentry","category-uncategorized"],"_links":{"self":[{"href":"http:\/\/seancrowe.ie\/home\/wp-json\/wp\/v2\/posts\/368","targetHints":{"allow":["GET"]}}],"collection":[{"href":"http:\/\/seancrowe.ie\/home\/wp-json\/wp\/v2\/posts"}],"about":[{"href":"http:\/\/seancrowe.ie\/home\/wp-json\/wp\/v2\/types\/post"}],"author":[{"embeddable":true,"href":"http:\/\/seancrowe.ie\/home\/wp-json\/wp\/v2\/users\/1"}],"replies":[{"embeddable":true,"href":"http:\/\/seancrowe.ie\/home\/wp-json\/wp\/v2\/comments?post=368"}],"version-history":[{"count":0,"href":"http:\/\/seancrowe.ie\/home\/wp-json\/wp\/v2\/posts\/368\/revisions"}],"wp:attachment":[{"href":"http:\/\/seancrowe.ie\/home\/wp-json\/wp\/v2\/media?parent=368"}],"wp:term":[{"taxonomy":"category","embeddable":true,"href":"http:\/\/seancrowe.ie\/home\/wp-json\/wp\/v2\/categories?post=368"},{"taxonomy":"post_tag","embeddable":true,"href":"http:\/\/seancrowe.ie\/home\/wp-json\/wp\/v2\/tags?post=368"}],"curies":[{"name":"wp","href":"https:\/\/api.w.org\/{rel}","templated":true}]}}