{"id":429,"date":"2012-07-08T19:48:00","date_gmt":"2012-07-08T19:48:00","guid":{"rendered":"http:\/\/seancrowe.ie\/home\/latest-jobless-figures-show-no-relief-deputy-sean-crowe\/"},"modified":"2012-07-08T19:48:00","modified_gmt":"2012-07-08T19:48:00","slug":"latest-jobless-figures-show-no-relief-deputy-sean-crowe","status":"publish","type":"post","link":"http:\/\/seancrowe.ie\/home\/latest-jobless-figures-show-no-relief-deputy-sean-crowe\/","title":{"rendered":"Latest Jobless figures show no relief \u2013 Deputy Se\u00e1n Crowe"},"content":{"rendered":"<p><span style=\"font-family: Times New Roman; font-size: x-large;\"><strong>Latest Jobless figures show no relief \u2013 Deputy Se\u00e1n Crowe<\/strong><\/span><\/p>\n<p><span style=\"font-family: Times New Roman; font-size: small;\">Speaking after the publication of the Live Register Figures for June, Dublin South West Sinn F\u00e9in TD Se\u00e1n Crowe said:<\/span><\/p>\n<p><span style=\"font-family: Times New Roman; font-size: small;\">\u201cThe latest live figures show 451,974 people signing on the live register, a figure that gives an underlying unemployment rate of 14.9%.<\/span><\/p>\n<p><span style=\"font-family: Times New Roman; font-size: small;\">\u201cThe government claim that jobs are its number one priority yet since coming to office, and despite rising emigration, overall unemployment is close to 15%.<\/span><\/p>\n<p><span style=\"font-family: Times New Roman; font-size: small;\">\u201cAnother worrying statistic is that there is almost 200,000 people who have been unemployed for over 12 months. My own constituency of Dublin South West is one of the most badly affected areas in the State.<\/span><\/p>\n<p><span style=\"font-family: Times New Roman; font-size: small;\">\u201cClearly this Government\u2019s jobs policy is failing but Taoiseach Enda Kenny\u2019s election promise to create 100,000 additional jobs will not be realised. The Government has also failed to produce a credible plan to create and sustain employment as the driver for economic growth nor invest in our economy, our people and our small and medium businesses.<\/span><\/p>\n<p><span style=\"font-family: Times New Roman; font-size: small;\">\u201cThese latest jobless figures show no relief or opportunity on the horizon for the unemployed and their families.<\/span><span style=\"font-size: x-small;\"><br \/><\/span><\/p>\n<div style=\"font-family: arial,helvetica,sans-serif;\">\n<div><span><img decoding=\"async\" src=\"https:\/\/mail.google.com\/mail\/u\/0\/images\/cleardot.gif\" border=\"0\" \/><\/span><\/div>\n<\/div>\n<p><span><br \/><\/span><\/p>\n","protected":false},"excerpt":{"rendered":"<p>Latest Jobless figures show no relief \u2013 Deputy Se\u00e1n Crowe Speaking after the publication of the Live Register Figures for June, Dublin South West Sinn F\u00e9in TD Se\u00e1n Crowe said: \u201cThe latest live figures show 451,974 people signing on the live register, a figure that gives an underlying unemployment rate of 14.9%. \u201cThe government claim [&hellip;]<\/p>\n","protected":false},"author":1,"featured_media":0,"comment_status":"closed","ping_status":"open","sticky":false,"template":"","format":"standard","meta":{"footnotes":""},"categories":[1],"tags":[],"class_list":["post-429","post","type-post","status-publish","format-standard","hentry","category-uncategorized"],"_links":{"self":[{"href":"http:\/\/seancrowe.ie\/home\/wp-json\/wp\/v2\/posts\/429","targetHints":{"allow":["GET"]}}],"collection":[{"href":"http:\/\/seancrowe.ie\/home\/wp-json\/wp\/v2\/posts"}],"about":[{"href":"http:\/\/seancrowe.ie\/home\/wp-json\/wp\/v2\/types\/post"}],"author":[{"embeddable":true,"href":"http:\/\/seancrowe.ie\/home\/wp-json\/wp\/v2\/users\/1"}],"replies":[{"embeddable":true,"href":"http:\/\/seancrowe.ie\/home\/wp-json\/wp\/v2\/comments?post=429"}],"version-history":[{"count":0,"href":"http:\/\/seancrowe.ie\/home\/wp-json\/wp\/v2\/posts\/429\/revisions"}],"wp:attachment":[{"href":"http:\/\/seancrowe.ie\/home\/wp-json\/wp\/v2\/media?parent=429"}],"wp:term":[{"taxonomy":"category","embeddable":true,"href":"http:\/\/seancrowe.ie\/home\/wp-json\/wp\/v2\/categories?post=429"},{"taxonomy":"post_tag","embeddable":true,"href":"http:\/\/seancrowe.ie\/home\/wp-json\/wp\/v2\/tags?post=429"}],"curies":[{"name":"wp","href":"https:\/\/api.w.org\/{rel}","templated":true}]}}